{"id":9594,"date":"2024-02-14T14:50:32","date_gmt":"2024-02-14T13:50:32","guid":{"rendered":"https:\/\/konfetti-badmuskau.de\/1\/?p=9594"},"modified":"2024-03-07T15:15:38","modified_gmt":"2024-03-07T14:15:38","slug":"das-war-unsere-67-karnevalssaison-wir-hatten-eine-tolle-zeit-und-bedanken-uns-bei-allen-mitwirkenden-und-unterstuetzern-bad-muskau-allan","status":"publish","type":"post","link":"https:\/\/konfetti-badmuskau.de\/1\/das-war-unsere-67-karnevalssaison-wir-hatten-eine-tolle-zeit-und-bedanken-uns-bei-allen-mitwirkenden-und-unterstuetzern-bad-muskau-allan\/","title":{"rendered":"Das war unsere 67.Karnevalssaison! Wir hatten eine tolle Zeit und bedanken uns bei allen G\u00e4sten, Unterst\u00fctzern, N\u00e4rrinnen und Narren! Bad Muskau &#8211; Allan!"},"content":{"rendered":"<p style=\"text-align: center;\">Ein R\u00fcckblick-Video findet ihr hier auf Facebook: <span style=\"color: #800000;\"><a style=\"color: #800000;\" href=\"https:\/\/fb.watch\/qFxhAR22QQ\/\"><strong>R\u00dcCKBLICK 67. Saison<\/strong><\/a><\/span><\/p>\n<p style=\"text-align: center;\"><a href=\"https:\/\/konfetti-badmuskau.de\/1\/8383-2\/\"><strong>BILDERGALERIE<\/strong><img loading=\"lazy\" decoding=\"async\" class=\"wp-image-9593 size-large aligncenter\" src=\"https:\/\/konfetti-badmuskau.de\/1\/wp-content\/uploads\/2024\/02\/Danke67_WebsiteSlider-1024x384.jpg\" alt=\"\" width=\"1024\" height=\"384\" srcset=\"https:\/\/konfetti-badmuskau.de\/1\/wp-content\/uploads\/2024\/02\/Danke67_WebsiteSlider-1024x384.jpg 1024w, https:\/\/konfetti-badmuskau.de\/1\/wp-content\/uploads\/2024\/02\/Danke67_WebsiteSlider-300x113.jpg 300w, https:\/\/konfetti-badmuskau.de\/1\/wp-content\/uploads\/2024\/02\/Danke67_WebsiteSlider-768x288.jpg 768w\" sizes=\"(max-width: 1024px) 100vw, 1024px\" \/><\/a><\/p>\n","protected":false},"excerpt":{"rendered":"<p>Ein R\u00fcckblick-Video findet ihr hier auf Facebook: R\u00dcCKBLICK 67. Saison BILDERGALERIE<\/p>\n","protected":false},"author":2,"featured_media":0,"comment_status":"open","ping_status":"open","sticky":false,"template":"","format":"standard","meta":{"_et_pb_use_builder":"","_et_pb_old_content":"","_et_gb_content_width":"","footnotes":""},"categories":[180,182],"tags":[74,281,32,341,147,342,52],"post_folder":[],"class_list":["post-9594","post","type-post","status-publish","format-standard","hentry","category-karnevalssaison","category-sonstige-events","tag-5-jahreszeit","tag-67-bad-muskauer-karnevalssaison","tag-aschermittwoch","tag-danke","tag-fasching","tag-schoene-zeit","tag-spass"],"_links":{"self":[{"href":"https:\/\/konfetti-badmuskau.de\/1\/wp-json\/wp\/v2\/posts\/9594","targetHints":{"allow":["GET"]}}],"collection":[{"href":"https:\/\/konfetti-badmuskau.de\/1\/wp-json\/wp\/v2\/posts"}],"about":[{"href":"https:\/\/konfetti-badmuskau.de\/1\/wp-json\/wp\/v2\/types\/post"}],"author":[{"embeddable":true,"href":"https:\/\/konfetti-badmuskau.de\/1\/wp-json\/wp\/v2\/users\/2"}],"replies":[{"embeddable":true,"href":"https:\/\/konfetti-badmuskau.de\/1\/wp-json\/wp\/v2\/comments?post=9594"}],"version-history":[{"count":9,"href":"https:\/\/konfetti-badmuskau.de\/1\/wp-json\/wp\/v2\/posts\/9594\/revisions"}],"predecessor-version":[{"id":9910,"href":"https:\/\/konfetti-badmuskau.de\/1\/wp-json\/wp\/v2\/posts\/9594\/revisions\/9910"}],"wp:attachment":[{"href":"https:\/\/konfetti-badmuskau.de\/1\/wp-json\/wp\/v2\/media?parent=9594"}],"wp:term":[{"taxonomy":"category","embeddable":true,"href":"https:\/\/konfetti-badmuskau.de\/1\/wp-json\/wp\/v2\/categories?post=9594"},{"taxonomy":"post_tag","embeddable":true,"href":"https:\/\/konfetti-badmuskau.de\/1\/wp-json\/wp\/v2\/tags?post=9594"},{"taxonomy":"post_folder","embeddable":true,"href":"https:\/\/konfetti-badmuskau.de\/1\/wp-json\/wp\/v2\/post_folder?post=9594"}],"curies":[{"name":"wp","href":"https:\/\/api.w.org\/{rel}","templated":true}]}}