{"id":9063,"date":"2024-02-05T00:17:54","date_gmt":"2024-02-04T23:17:54","guid":{"rendered":"https:\/\/konfetti-badmuskau.de\/1\/?p=9063"},"modified":"2024-02-05T00:17:54","modified_gmt":"2024-02-04T23:17:54","slug":"am-samstag-ab-14-uhr-findet-unser-grosser-karnevalsumzug-statt-seid-dabei-fussgruppen-koennen-sich-gerne-noch-anmelden","status":"publish","type":"post","link":"https:\/\/konfetti-badmuskau.de\/1\/am-samstag-ab-14-uhr-findet-unser-grosser-karnevalsumzug-statt-seid-dabei-fussgruppen-koennen-sich-gerne-noch-anmelden\/","title":{"rendered":"Am Samstag ab 14 Uhr findet unser gro\u00dfer Karnevalsumzug statt! Seid dabei! Fu\u00dfgruppen k\u00f6nnen sich gerne noch anmelden."},"content":{"rendered":"<h2 class=\"xdj266r x11i5rnm xat24cr x1mh8g0r x1vvkbs\">Karnevalsumzug und gro\u00dfer Karneval im Lindenhof Bad Muskau<\/h2>\n<div><\/div>\n<div class=\"xdj266r x11i5rnm xat24cr x1mh8g0r x1vvkbs\">Unter dem Motto &#8222;Korallen, Nixen, Haifischzahn &#8211; Karneval im Ozean&#8220; findet am 10.02. unser gro\u00dfer Umzug und anschlie\u00dfend ab 19 Uhr der gro\u00dfe Karneval im Lindenhof Bad Muskau statt! <span class=\"x3nfvp2 x1j61x8r x1fcty0u xdj266r xhhsvwb xat24cr xgzva0m xxymvpz xlup9mm x1kky2od\"><img loading=\"lazy\" decoding=\"async\" class=\"xz74otr\" src=\"https:\/\/static.xx.fbcdn.net\/images\/emoji.php\/v9\/t15\/1.5\/16\/1f30a.png\" alt=\"\ud83c\udf0a\" width=\"16\" height=\"16\" \/><\/span><\/div>\n<div><\/div>\n<div class=\"x11i5rnm xat24cr x1mh8g0r x1vvkbs xtlvy1s\">Aufstellung zum Umzug an der G\u00f6rlitzer Stra\u00dfe (H\u00f6he Schmiede Klenner\/alte Grenzspur): 13 Uhr<br \/>\nUmzugsbeginn: 14 Uhr<\/div>\n<div class=\"x11i5rnm xat24cr x1mh8g0r x1vvkbs xtlvy1s\">\nAuch in diesem Jahr gibt es selbstverst\u00e4ndlich wieder ganz besondere Pokale zu gewinnen (das sind Unikate!). <span class=\"x3nfvp2 x1j61x8r x1fcty0u xdj266r xhhsvwb xat24cr xgzva0m xxymvpz xlup9mm x1kky2od\"><img loading=\"lazy\" decoding=\"async\" class=\"xz74otr\" src=\"https:\/\/static.xx.fbcdn.net\/images\/emoji.php\/v9\/tb1\/1.5\/16\/1f929.png\" alt=\"\ud83e\udd29\" width=\"16\" height=\"16\" \/><\/span><\/div>\n<div class=\"x11i5rnm xat24cr x1mh8g0r x1vvkbs xtlvy1s\">Selbstverst\u00e4ndlich k\u00f6nnen generell ALLE mitmachen beim Umzug mit Kost\u00fcm oder ohne. Oder ihr schaut einfach vom Rand aus zu &#8211; egal wie, Hauptsache ihr habt Spa\u00df dabei!<\/div>\n<div class=\"x11i5rnm xat24cr x1mh8g0r x1vvkbs xtlvy1s\">Wir freuen uns jetzt schon auf eure verr\u00fcckten Kost\u00fcme und (Unterwasser)-Wagen!<span class=\"x3nfvp2 x1j61x8r x1fcty0u xdj266r xhhsvwb xat24cr xgzva0m xxymvpz xlup9mm x1kky2od\"><img loading=\"lazy\" decoding=\"async\" class=\"xz74otr\" src=\"https:\/\/static.xx.fbcdn.net\/images\/emoji.php\/v9\/td7\/1.5\/16\/1f40b.png\" alt=\"\ud83d\udc0b\" width=\"16\" height=\"16\" \/><\/span><span class=\"x3nfvp2 x1j61x8r x1fcty0u xdj266r xhhsvwb xat24cr xgzva0m xxymvpz xlup9mm x1kky2od\"><img loading=\"lazy\" decoding=\"async\" class=\"xz74otr\" src=\"https:\/\/static.xx.fbcdn.net\/images\/emoji.php\/v9\/tea\/1.5\/16\/1f988.png\" alt=\"\ud83e\udd88\" width=\"16\" height=\"16\" \/><\/span><span class=\"x3nfvp2 x1j61x8r x1fcty0u xdj266r xhhsvwb xat24cr xgzva0m xxymvpz xlup9mm x1kky2od\"><img loading=\"lazy\" decoding=\"async\" class=\"xz74otr\" src=\"https:\/\/static.xx.fbcdn.net\/images\/emoji.php\/v9\/td3\/1.5\/16\/1fabc.png\" alt=\"\ud83e\udebc\" width=\"16\" height=\"16\" \/><\/span><span class=\"x3nfvp2 x1j61x8r x1fcty0u xdj266r xhhsvwb xat24cr xgzva0m xxymvpz xlup9mm x1kky2od\"><img loading=\"lazy\" decoding=\"async\" class=\"xz74otr\" src=\"https:\/\/static.xx.fbcdn.net\/images\/emoji.php\/v9\/te2\/1.5\/16\/1f980.png\" alt=\"\ud83e\udd80\" width=\"16\" height=\"16\" \/><\/span><span class=\"x3nfvp2 x1j61x8r x1fcty0u xdj266r xhhsvwb xat24cr xgzva0m xxymvpz xlup9mm x1kky2od\"><img loading=\"lazy\" decoding=\"async\" class=\"xz74otr\" src=\"https:\/\/static.xx.fbcdn.net\/images\/emoji.php\/v9\/t7a\/1.5\/16\/1f41f.png\" alt=\"\ud83d\udc1f\" width=\"16\" height=\"16\" \/><\/span><span class=\"x3nfvp2 x1j61x8r x1fcty0u xdj266r xhhsvwb xat24cr xgzva0m xxymvpz xlup9mm x1kky2od\"><img loading=\"lazy\" decoding=\"async\" class=\"xz74otr\" src=\"https:\/\/static.xx.fbcdn.net\/images\/emoji.php\/v9\/td7\/1.5\/16\/1f9dc_200d_2640.png\" alt=\"\ud83e\udddc\u200d\u2640\ufe0f\" width=\"16\" height=\"16\" \/><\/span><span class=\"x3nfvp2 x1j61x8r x1fcty0u xdj266r xhhsvwb xat24cr xgzva0m xxymvpz xlup9mm x1kky2od\"><img loading=\"lazy\" decoding=\"async\" class=\"xz74otr\" src=\"https:\/\/static.xx.fbcdn.net\/images\/emoji.php\/v9\/te5\/1.5\/16\/1f389.png\" alt=\"\ud83c\udf89\" width=\"16\" height=\"16\" \/><\/span><\/div>\n<div><\/div>\n<div>Nat\u00fcrlich freuen wir uns auf alle Karnevalsfreunde, die nochmal richtig bis in die Morgenstunden mit uns feiern wollen! Das wird ein Fest!<span class=\"x3nfvp2 x1j61x8r x1fcty0u xdj266r xhhsvwb xat24cr xgzva0m xxymvpz xlup9mm x1kky2od\"><img loading=\"lazy\" decoding=\"async\" class=\"xz74otr\" src=\"https:\/\/static.xx.fbcdn.net\/images\/emoji.php\/v9\/te5\/1.5\/16\/1f389.png\" alt=\"\ud83c\udf89\" width=\"16\" height=\"16\" \/><\/span><span class=\"x3nfvp2 x1j61x8r x1fcty0u xdj266r xhhsvwb xat24cr xgzva0m xxymvpz xlup9mm x1kky2od\"><img loading=\"lazy\" decoding=\"async\" class=\"xz74otr\" src=\"https:\/\/static.xx.fbcdn.net\/images\/emoji.php\/v9\/ta9\/1.5\/16\/1f921.png\" alt=\"\ud83e\udd21\" width=\"16\" height=\"16\" \/><\/span><\/div>\n<p>&nbsp;<\/p>\n","protected":false},"excerpt":{"rendered":"<p>Karnevalsumzug und gro\u00dfer Karneval im Lindenhof Bad Muskau Unter dem Motto &#8222;Korallen, Nixen, Haifischzahn &#8211; Karneval im Ozean&#8220; findet am 10.02. unser gro\u00dfer Umzug und anschlie\u00dfend ab 19 Uhr der gro\u00dfe Karneval im Lindenhof Bad Muskau statt! Aufstellung zum Umzug an der G\u00f6rlitzer Stra\u00dfe (H\u00f6he Schmiede Klenner\/alte Grenzspur): 13 Uhr Umzugsbeginn: 14 Uhr Auch in [&hellip;]<\/p>\n","protected":false},"author":5,"featured_media":0,"comment_status":"open","ping_status":"open","sticky":false,"template":"","format":"standard","meta":{"_et_pb_use_builder":"","_et_pb_old_content":"","_et_gb_content_width":"","footnotes":""},"categories":[180,182],"tags":[],"post_folder":[],"class_list":["post-9063","post","type-post","status-publish","format-standard","hentry","category-karnevalssaison","category-sonstige-events"],"_links":{"self":[{"href":"https:\/\/konfetti-badmuskau.de\/1\/wp-json\/wp\/v2\/posts\/9063","targetHints":{"allow":["GET"]}}],"collection":[{"href":"https:\/\/konfetti-badmuskau.de\/1\/wp-json\/wp\/v2\/posts"}],"about":[{"href":"https:\/\/konfetti-badmuskau.de\/1\/wp-json\/wp\/v2\/types\/post"}],"author":[{"embeddable":true,"href":"https:\/\/konfetti-badmuskau.de\/1\/wp-json\/wp\/v2\/users\/5"}],"replies":[{"embeddable":true,"href":"https:\/\/konfetti-badmuskau.de\/1\/wp-json\/wp\/v2\/comments?post=9063"}],"version-history":[{"count":2,"href":"https:\/\/konfetti-badmuskau.de\/1\/wp-json\/wp\/v2\/posts\/9063\/revisions"}],"predecessor-version":[{"id":9065,"href":"https:\/\/konfetti-badmuskau.de\/1\/wp-json\/wp\/v2\/posts\/9063\/revisions\/9065"}],"wp:attachment":[{"href":"https:\/\/konfetti-badmuskau.de\/1\/wp-json\/wp\/v2\/media?parent=9063"}],"wp:term":[{"taxonomy":"category","embeddable":true,"href":"https:\/\/konfetti-badmuskau.de\/1\/wp-json\/wp\/v2\/categories?post=9063"},{"taxonomy":"post_tag","embeddable":true,"href":"https:\/\/konfetti-badmuskau.de\/1\/wp-json\/wp\/v2\/tags?post=9063"},{"taxonomy":"post_folder","embeddable":true,"href":"https:\/\/konfetti-badmuskau.de\/1\/wp-json\/wp\/v2\/post_folder?post=9063"}],"curies":[{"name":"wp","href":"https:\/\/api.w.org\/{rel}","templated":true}]}}