{"id":8242,"date":"2023-04-08T09:50:54","date_gmt":"2023-04-08T08:50:54","guid":{"rendered":"https:\/\/konfetti-badmuskau.de\/1\/?p=8242"},"modified":"2023-04-08T09:55:23","modified_gmt":"2023-04-08T08:55:23","slug":"die-bad-muskauer-karnevalisten-sind-auch-ausserhalb-der-5-jahreszeit-aktiv","status":"publish","type":"post","link":"https:\/\/konfetti-badmuskau.de\/1\/die-bad-muskauer-karnevalisten-sind-auch-ausserhalb-der-5-jahreszeit-aktiv\/","title":{"rendered":"Die Bad Muskauer Karnevalisten sind auch au\u00dferhalb der 5. Jahreszeit aktiv\u00a0"},"content":{"rendered":"<div dir=\"ltr\">\n<div dir=\"ltr\">\n<div>Auch wenn es etwas ruhiger um den Bad Muskauer Karnevalsverein geworden ist, komplett \u201eabgeschalten\u201c wird bei den Mitgliedern des EBM nicht.<\/div>\n<div>Neben der Vorbereitung auf die Jahreshauptversammlung, dem traditionellen \u201eKaterfr\u00fchst\u00fcck\u201c (berichtet wird dar\u00fcber in der n\u00e4chsten Ausgabe des Muskauer Anzeiger), kreisen die Gedanken schon in Richtung 67. Saison. Vor allem ein neues Motto muss erst ein Mal festgelegt werden, mit dem die kreativen K\u00f6pfe arbeiten k\u00f6nnen. Egal ob es um die T\u00e4nze der Kleinen und Gro\u00dfen geht, die Dekoration des Saales, die Gestaltung der B\u00fchne, Beitr\u00e4ge f\u00fcr das Programm oder auch die Kost\u00fcme und Worte der Moderatoren &#8211; aus jedem einzelnen Baustein entsteht dann das Werk f\u00fcr eine komplette Saison in der 5. Jahreszeit. So wird nicht lange gez\u00f6gert und die Planungen und deren Umsetzung beginnen fast nahtlos im Anschluss an die beendete Session.<\/div>\n<div>Parallel l\u00e4uft die Organisation der allj\u00e4hrlichen Himmelfahrt-Station.<\/div>\n<div>Am 18. Mai sind Sie herzlich eingeladen, zum gem\u00fctlichen Treff mit stimmungsvoller Musik und \u201eSpeis und Trank\u201c in und um den Lindenhof! Wir hoffen, dass auch das Wetter mitspielt.<\/div>\n<div>Bis dahin- Bad Muskau Allan!<\/div>\n<\/div>\n<\/div>\n","protected":false},"excerpt":{"rendered":"<p>Auch wenn es etwas ruhiger um den Bad Muskauer Karnevalsverein geworden ist, komplett \u201eabgeschalten\u201c wird bei den Mitgliedern des EBM nicht. Neben der Vorbereitung auf die Jahreshauptversammlung, dem traditionellen \u201eKaterfr\u00fchst\u00fcck\u201c (berichtet wird dar\u00fcber in der n\u00e4chsten Ausgabe des Muskauer Anzeiger), kreisen die Gedanken schon in Richtung 67. Saison. Vor allem ein neues Motto muss erst [&hellip;]<\/p>\n","protected":false},"author":2,"featured_media":0,"comment_status":"open","ping_status":"open","sticky":false,"template":"","format":"standard","meta":{"_et_pb_use_builder":"","_et_pb_old_content":"","_et_gb_content_width":"","footnotes":""},"categories":[1,182],"tags":[74,275,277,276],"post_folder":[],"class_list":["post-8242","post","type-post","status-publish","format-standard","hentry","category-allgemein","category-sonstige-events","tag-5-jahreszeit","tag-aktiv-auch-ohne-karneval","tag-ausschank","tag-station-himmelfahrt"],"_links":{"self":[{"href":"https:\/\/konfetti-badmuskau.de\/1\/wp-json\/wp\/v2\/posts\/8242","targetHints":{"allow":["GET"]}}],"collection":[{"href":"https:\/\/konfetti-badmuskau.de\/1\/wp-json\/wp\/v2\/posts"}],"about":[{"href":"https:\/\/konfetti-badmuskau.de\/1\/wp-json\/wp\/v2\/types\/post"}],"author":[{"embeddable":true,"href":"https:\/\/konfetti-badmuskau.de\/1\/wp-json\/wp\/v2\/users\/2"}],"replies":[{"embeddable":true,"href":"https:\/\/konfetti-badmuskau.de\/1\/wp-json\/wp\/v2\/comments?post=8242"}],"version-history":[{"count":1,"href":"https:\/\/konfetti-badmuskau.de\/1\/wp-json\/wp\/v2\/posts\/8242\/revisions"}],"predecessor-version":[{"id":8243,"href":"https:\/\/konfetti-badmuskau.de\/1\/wp-json\/wp\/v2\/posts\/8242\/revisions\/8243"}],"wp:attachment":[{"href":"https:\/\/konfetti-badmuskau.de\/1\/wp-json\/wp\/v2\/media?parent=8242"}],"wp:term":[{"taxonomy":"category","embeddable":true,"href":"https:\/\/konfetti-badmuskau.de\/1\/wp-json\/wp\/v2\/categories?post=8242"},{"taxonomy":"post_tag","embeddable":true,"href":"https:\/\/konfetti-badmuskau.de\/1\/wp-json\/wp\/v2\/tags?post=8242"},{"taxonomy":"post_folder","embeddable":true,"href":"https:\/\/konfetti-badmuskau.de\/1\/wp-json\/wp\/v2\/post_folder?post=8242"}],"curies":[{"name":"wp","href":"https:\/\/api.w.org\/{rel}","templated":true}]}}