{"id":743,"date":"2015-11-13T22:43:39","date_gmt":"2015-11-13T21:43:39","guid":{"rendered":"http:\/\/konfetti-badmuskau.de\/1\/?p=743"},"modified":"2018-01-13T15:44:47","modified_gmt":"2018-01-13T14:44:47","slug":"kappen-auf-am-11-11-um-1111-uhr","status":"publish","type":"post","link":"https:\/\/konfetti-badmuskau.de\/1\/kappen-auf-am-11-11-um-1111-uhr\/","title":{"rendered":"Kappen auf am 11.11. um 11:11 Uhr"},"content":{"rendered":"<p>Nach alter Tradition trafen sich die Narren des EBM am 11.11. im Kaffee K\u00f6nig und begr\u00fc\u00dften, zur &#8222;Magischen Zeit&#8220; um genau 11:11Uhr, die 61. Karnevalssaison.<\/p>\n<p>Am Abend dann begleitete der Bad Muskauer Spielmannszug Funken und Elferrat, die mit Fackeln durch die Stadt marschierten und den Beginn der 5. Jahreszeit verk\u00fcndeten. Dem Zug schlossen sich wieder viele Eltern und Kinder mit Lampions und bunten Lichtern an und bewunderten zusammen mit den Karnevalisten das pr\u00e4chtige Feuerwerk hinter dem Neuen Schlo\u00df. Im Anschlu\u00df sa\u00df man noch gem\u00fctlich im Kaffee K\u00f6nig, mit musikalischer Umrahmung von &#8222;DJ Erik&#8220; aus Rietschen.<\/p>\n<p>Schlussendlich ein toller Start in die neue Saison!<\/p>\n<p>Bad Muskau &#8211; Allan!<\/p>\n<p>&nbsp;<\/p>\n<p><img loading=\"lazy\" decoding=\"async\" class=\"aligncenter size-full wp-image-745\" src=\"http:\/\/konfetti-badmuskau.de\/1\/wp-content\/uploads\/2015\/11\/Beitrag-Fackelumzug-EBM-2015.jpg\" alt=\"Beitrag Fackelumzug EBM 2015\" width=\"350\" height=\"250\" srcset=\"https:\/\/konfetti-badmuskau.de\/1\/wp-content\/uploads\/2015\/11\/Beitrag-Fackelumzug-EBM-2015.jpg 350w, https:\/\/konfetti-badmuskau.de\/1\/wp-content\/uploads\/2015\/11\/Beitrag-Fackelumzug-EBM-2015-300x214.jpg 300w\" sizes=\"(max-width: 350px) 100vw, 350px\" \/><\/p>\n","protected":false},"excerpt":{"rendered":"<p>Nach alter Tradition trafen sich die Narren des EBM am 11.11. im Kaffee K\u00f6nig und begr\u00fc\u00dften, zur &#8222;Magischen Zeit&#8220; um genau 11:11Uhr, die 61. Karnevalssaison. Am Abend dann begleitete der Bad Muskauer Spielmannszug Funken und Elferrat, die mit Fackeln durch die Stadt marschierten und den Beginn der 5. Jahreszeit verk\u00fcndeten. Dem Zug schlossen sich wieder [&hellip;]<\/p>\n","protected":false},"author":1,"featured_media":745,"comment_status":"open","ping_status":"open","sticky":false,"template":"","format":"standard","meta":{"_et_pb_use_builder":"","_et_pb_old_content":"","_et_gb_content_width":"","footnotes":""},"categories":[180],"tags":[72,74,75,17,16,73,19],"post_folder":[],"class_list":["post-743","post","type-post","status-publish","format-standard","has-post-thumbnail","hentry","category-karnevalssaison","tag-11-11","tag-5-jahreszeit","tag-bad-muskauer-spielmannszug","tag-ebm","tag-elferrat","tag-fackelumzug","tag-funken"],"_links":{"self":[{"href":"https:\/\/konfetti-badmuskau.de\/1\/wp-json\/wp\/v2\/posts\/743","targetHints":{"allow":["GET"]}}],"collection":[{"href":"https:\/\/konfetti-badmuskau.de\/1\/wp-json\/wp\/v2\/posts"}],"about":[{"href":"https:\/\/konfetti-badmuskau.de\/1\/wp-json\/wp\/v2\/types\/post"}],"author":[{"embeddable":true,"href":"https:\/\/konfetti-badmuskau.de\/1\/wp-json\/wp\/v2\/users\/1"}],"replies":[{"embeddable":true,"href":"https:\/\/konfetti-badmuskau.de\/1\/wp-json\/wp\/v2\/comments?post=743"}],"version-history":[{"count":8,"href":"https:\/\/konfetti-badmuskau.de\/1\/wp-json\/wp\/v2\/posts\/743\/revisions"}],"predecessor-version":[{"id":1925,"href":"https:\/\/konfetti-badmuskau.de\/1\/wp-json\/wp\/v2\/posts\/743\/revisions\/1925"}],"wp:featuredmedia":[{"embeddable":true,"href":"https:\/\/konfetti-badmuskau.de\/1\/wp-json\/wp\/v2\/media\/745"}],"wp:attachment":[{"href":"https:\/\/konfetti-badmuskau.de\/1\/wp-json\/wp\/v2\/media?parent=743"}],"wp:term":[{"taxonomy":"category","embeddable":true,"href":"https:\/\/konfetti-badmuskau.de\/1\/wp-json\/wp\/v2\/categories?post=743"},{"taxonomy":"post_tag","embeddable":true,"href":"https:\/\/konfetti-badmuskau.de\/1\/wp-json\/wp\/v2\/tags?post=743"},{"taxonomy":"post_folder","embeddable":true,"href":"https:\/\/konfetti-badmuskau.de\/1\/wp-json\/wp\/v2\/post_folder?post=743"}],"curies":[{"name":"wp","href":"https:\/\/api.w.org\/{rel}","templated":true}]}}