{"id":6885,"date":"2022-02-23T22:38:37","date_gmt":"2022-02-23T21:38:37","guid":{"rendered":"https:\/\/konfetti-badmuskau.de\/1\/?p=6885"},"modified":"2022-02-23T22:43:02","modified_gmt":"2022-02-23T21:43:02","slug":"karnevalisten-am-26-02-ab-1000-uhr-in-der-parkstadt-nur-mit-narrenzoll-praesent-keine-genehmigung-fuer-gluehweinfest","status":"publish","type":"post","link":"https:\/\/konfetti-badmuskau.de\/1\/karnevalisten-am-26-02-ab-1000-uhr-in-der-parkstadt-nur-mit-narrenzoll-praesent-keine-genehmigung-fuer-gluehweinfest\/","title":{"rendered":"Karnevalisten am 26.02. ab 10:00 Uhr in der Parkstadt nur mit Narrenzoll pr\u00e4sent-keine Genehmigung f\u00fcr Gl\u00fchweinfest"},"content":{"rendered":"<p>Am Karnevals-Samstag ist der EBM samt Funken ab 10:00 Uhr an mehreren Standorten in der Parkstadt anzutreffen. \u00a0Leider musste der Verein sein Vorhaben eines kleinen Gl\u00fchwein-Festes am Lindenhof ad acta legen. Somit bleibt es an diesem Tag beim Narrenzoll, als &#8222;einzige&#8220; karnevalistische Aktivit\u00e4t in der \u00d6ffentlichkeit zur 5. Jahreszeit.<\/p>\n<p>&nbsp;<\/p>\n","protected":false},"excerpt":{"rendered":"<p>Am Karnevals-Samstag ist der EBM samt Funken ab 10:00 Uhr an mehreren Standorten in der Parkstadt anzutreffen. \u00a0Leider musste der Verein sein Vorhaben eines kleinen Gl\u00fchwein-Festes am Lindenhof ad acta legen. Somit bleibt es an diesem Tag beim Narrenzoll, als &#8222;einzige&#8220; karnevalistische Aktivit\u00e4t in der \u00d6ffentlichkeit zur 5. Jahreszeit. &nbsp;<\/p>\n","protected":false},"author":2,"featured_media":0,"comment_status":"open","ping_status":"open","sticky":false,"template":"","format":"standard","meta":{"_et_pb_use_builder":"","_et_pb_old_content":"","_et_gb_content_width":"","footnotes":""},"categories":[1,182],"tags":[74,146,261,262,218],"post_folder":[],"class_list":["post-6885","post","type-post","status-publish","format-standard","hentry","category-allgemein","category-sonstige-events","tag-5-jahreszeit","tag-karneval","tag-karnevals-samstag","tag-narrenzoll","tag-parkstadt"],"_links":{"self":[{"href":"https:\/\/konfetti-badmuskau.de\/1\/wp-json\/wp\/v2\/posts\/6885","targetHints":{"allow":["GET"]}}],"collection":[{"href":"https:\/\/konfetti-badmuskau.de\/1\/wp-json\/wp\/v2\/posts"}],"about":[{"href":"https:\/\/konfetti-badmuskau.de\/1\/wp-json\/wp\/v2\/types\/post"}],"author":[{"embeddable":true,"href":"https:\/\/konfetti-badmuskau.de\/1\/wp-json\/wp\/v2\/users\/2"}],"replies":[{"embeddable":true,"href":"https:\/\/konfetti-badmuskau.de\/1\/wp-json\/wp\/v2\/comments?post=6885"}],"version-history":[{"count":1,"href":"https:\/\/konfetti-badmuskau.de\/1\/wp-json\/wp\/v2\/posts\/6885\/revisions"}],"predecessor-version":[{"id":6886,"href":"https:\/\/konfetti-badmuskau.de\/1\/wp-json\/wp\/v2\/posts\/6885\/revisions\/6886"}],"wp:attachment":[{"href":"https:\/\/konfetti-badmuskau.de\/1\/wp-json\/wp\/v2\/media?parent=6885"}],"wp:term":[{"taxonomy":"category","embeddable":true,"href":"https:\/\/konfetti-badmuskau.de\/1\/wp-json\/wp\/v2\/categories?post=6885"},{"taxonomy":"post_tag","embeddable":true,"href":"https:\/\/konfetti-badmuskau.de\/1\/wp-json\/wp\/v2\/tags?post=6885"},{"taxonomy":"post_folder","embeddable":true,"href":"https:\/\/konfetti-badmuskau.de\/1\/wp-json\/wp\/v2\/post_folder?post=6885"}],"curies":[{"name":"wp","href":"https:\/\/api.w.org\/{rel}","templated":true}]}}