{"id":3798,"date":"2019-03-06T13:55:21","date_gmt":"2019-03-06T12:55:21","guid":{"rendered":"http:\/\/konfetti-badmuskau.de\/1\/?p=3798"},"modified":"2019-03-07T14:01:48","modified_gmt":"2019-03-07T13:01:48","slug":"danke-fuer-eine-schoene-64-karnevalssaison","status":"publish","type":"post","link":"https:\/\/konfetti-badmuskau.de\/1\/danke-fuer-eine-schoene-64-karnevalssaison\/","title":{"rendered":"Danke f\u00fcr eine sch\u00f6ne 64. Karnevalssaison"},"content":{"rendered":"<p>Heute ist Aschermittwoch und somit geh\u00f6rt jetzt auch die 64. Karnevalssaison der Vergangenheit an.<br \/>\nWer die Saison unter dem Motto &#8222;Fantasien unter&#8217;m Traumzauberbaum&#8220; noch einmal Revue passieren lassen m\u00f6chte, kann dies gern in unserer Bildergalerie tun.<br \/>\nIn diesem Sinne bedanken wir uns noch einmal f\u00fcr alle N\u00e4rrinnen und Narren f\u00fcr die gelungene 64. Saison.<\/p>\n<p><a href=\"http:\/\/konfetti-badmuskau.de\/1\/64-saison-2018-2019\/\">>> Hier geht es zur Bildergalerie<\/a><\/p>\n<p>Euer EBM<\/p>\n","protected":false},"excerpt":{"rendered":"<p>Heute ist Aschermittwoch und somit geh\u00f6rt jetzt auch die 64. Karnevalssaison der Vergangenheit an. Wer die Saison unter dem Motto &#8222;Fantasien unter&#8217;m Traumzauberbaum&#8220; noch einmal Revue passieren lassen m\u00f6chte, kann dies gern in unserer Bildergalerie tun. In diesem Sinne bedanken wir uns noch einmal f\u00fcr alle N\u00e4rrinnen und Narren f\u00fcr die gelungene 64. Saison. >> [&hellip;]<\/p>\n","protected":false},"author":1,"featured_media":0,"comment_status":"open","ping_status":"open","sticky":false,"template":"","format":"standard","meta":{"_et_pb_use_builder":"","_et_pb_old_content":"","_et_gb_content_width":"","footnotes":""},"categories":[180],"tags":[237,38,17,16,41,198,147,8,146,18,243,156,242,87,3,31,241],"post_folder":[],"class_list":["post-3798","post","type-post","status-publish","format-standard","hentry","category-karnevalssaison","tag-64-prinzenpaar","tag-bad-muskau","tag-ebm","tag-elferrat","tag-elferrat-bad-muskau","tag-elferratsfrauen","tag-fasching","tag-funkengarde","tag-karneval","tag-karnevalsumzug","tag-kinderfunkengarde","tag-narren","tag-naerrinnen","tag-prinzengarde","tag-prinzenpaar","tag-rosenmontag","tag-umzug"],"_links":{"self":[{"href":"https:\/\/konfetti-badmuskau.de\/1\/wp-json\/wp\/v2\/posts\/3798","targetHints":{"allow":["GET"]}}],"collection":[{"href":"https:\/\/konfetti-badmuskau.de\/1\/wp-json\/wp\/v2\/posts"}],"about":[{"href":"https:\/\/konfetti-badmuskau.de\/1\/wp-json\/wp\/v2\/types\/post"}],"author":[{"embeddable":true,"href":"https:\/\/konfetti-badmuskau.de\/1\/wp-json\/wp\/v2\/users\/1"}],"replies":[{"embeddable":true,"href":"https:\/\/konfetti-badmuskau.de\/1\/wp-json\/wp\/v2\/comments?post=3798"}],"version-history":[{"count":1,"href":"https:\/\/konfetti-badmuskau.de\/1\/wp-json\/wp\/v2\/posts\/3798\/revisions"}],"predecessor-version":[{"id":3799,"href":"https:\/\/konfetti-badmuskau.de\/1\/wp-json\/wp\/v2\/posts\/3798\/revisions\/3799"}],"wp:attachment":[{"href":"https:\/\/konfetti-badmuskau.de\/1\/wp-json\/wp\/v2\/media?parent=3798"}],"wp:term":[{"taxonomy":"category","embeddable":true,"href":"https:\/\/konfetti-badmuskau.de\/1\/wp-json\/wp\/v2\/categories?post=3798"},{"taxonomy":"post_tag","embeddable":true,"href":"https:\/\/konfetti-badmuskau.de\/1\/wp-json\/wp\/v2\/tags?post=3798"},{"taxonomy":"post_folder","embeddable":true,"href":"https:\/\/konfetti-badmuskau.de\/1\/wp-json\/wp\/v2\/post_folder?post=3798"}],"curies":[{"name":"wp","href":"https:\/\/api.w.org\/{rel}","templated":true}]}}