{"id":1398,"date":"2017-10-10T15:51:34","date_gmt":"2017-10-10T14:51:34","guid":{"rendered":"http:\/\/konfetti-badmuskau.de\/1\/?p=1398"},"modified":"2018-10-25T20:38:11","modified_gmt":"2018-10-25T19:38:11","slug":"das-waren-die-bad-muskauer-wiesn-2017","status":"publish","type":"post","link":"https:\/\/konfetti-badmuskau.de\/1\/das-waren-die-bad-muskauer-wiesn-2017\/","title":{"rendered":"Das waren die Bad Muskauer Wiesn 2017"},"content":{"rendered":"<p>Am 7. Oktober hat der Elferrat Bad Muskau sein nunmehr <strong>5.Oktoberfest<\/strong> im Lindenhof gefeiert.<br \/>\nIn diesem Jahr machte die Blasmusikkapelle &#8222;Die Lustigen Musikanten&#8220; den Anfang und brachte die Besucher mit z\u00fcnftiger Blasmusik, bei Kaffee und Kuchen, in Oktoberfestlaune.<!--more--><\/p>\n<p>Am Abend spielte die <strong>&#8222;Sound Up Liveband&#8220;<\/strong> aus Cottbus und sorgte f\u00fcr super Stimmung auf der Tanzfl\u00e4che.<\/p>\n<p>Nat\u00fcrlich gab es f\u00fcr die G\u00e4ste auch ein buntes Programm von der Funkengarde und dem Elferrat.<\/p>\n\n\t\t<style type=\"text\/css\">\n\t\t\t#gallery-1 {\n\t\t\t\tmargin: auto;\n\t\t\t}\n\t\t\t#gallery-1 .gallery-item {\n\t\t\t\tfloat: left;\n\t\t\t\tmargin-top: 10px;\n\t\t\t\ttext-align: center;\n\t\t\t\twidth: 50%;\n\t\t\t}\n\t\t\t#gallery-1 img {\n\t\t\t\tborder: 2px solid #cfcfcf;\n\t\t\t}\n\t\t\t#gallery-1 .gallery-caption {\n\t\t\t\tmargin-left: 0;\n\t\t\t}\n\t\t\t\/* see gallery_shortcode() in wp-includes\/media.php *\/\n\t\t<\/style>\n\t\t<div id='gallery-1' class='gallery galleryid-1398 gallery-columns-2 gallery-size-large'><dl class='gallery-item'>\n\t\t\t<dt class='gallery-icon landscape'>\n\t\t\t\t<img loading=\"lazy\" decoding=\"async\" width=\"1024\" height=\"685\" src=\"https:\/\/konfetti-badmuskau.de\/1\/wp-content\/uploads\/2017\/10\/Oktoberfest17Paartanz-1024x685.jpg\" class=\"attachment-large size-large\" alt=\"\" srcset=\"https:\/\/konfetti-badmuskau.de\/1\/wp-content\/uploads\/2017\/10\/Oktoberfest17Paartanz-1024x685.jpg 1024w, https:\/\/konfetti-badmuskau.de\/1\/wp-content\/uploads\/2017\/10\/Oktoberfest17Paartanz-300x201.jpg 300w, https:\/\/konfetti-badmuskau.de\/1\/wp-content\/uploads\/2017\/10\/Oktoberfest17Paartanz-768x514.jpg 768w, https:\/\/konfetti-badmuskau.de\/1\/wp-content\/uploads\/2017\/10\/Oktoberfest17Paartanz-480x320.jpg 480w, https:\/\/konfetti-badmuskau.de\/1\/wp-content\/uploads\/2017\/10\/Oktoberfest17Paartanz-320x213.jpg 320w, https:\/\/konfetti-badmuskau.de\/1\/wp-content\/uploads\/2017\/10\/Oktoberfest17Paartanz-240x160.jpg 240w, https:\/\/konfetti-badmuskau.de\/1\/wp-content\/uploads\/2017\/10\/Oktoberfest17Paartanz.jpg 1191w\" sizes=\"(max-width: 1024px) 100vw, 1024px\" \/>\n\t\t\t<\/dt><\/dl><dl class='gallery-item'>\n\t\t\t<dt class='gallery-icon landscape'>\n\t\t\t\t<img loading=\"lazy\" decoding=\"async\" width=\"1024\" height=\"685\" src=\"https:\/\/konfetti-badmuskau.de\/1\/wp-content\/uploads\/2017\/10\/Oktoberfest17Paartanz2-1024x685.jpg\" class=\"attachment-large size-large\" alt=\"\" srcset=\"https:\/\/konfetti-badmuskau.de\/1\/wp-content\/uploads\/2017\/10\/Oktoberfest17Paartanz2-1024x685.jpg 1024w, https:\/\/konfetti-badmuskau.de\/1\/wp-content\/uploads\/2017\/10\/Oktoberfest17Paartanz2-300x201.jpg 300w, https:\/\/konfetti-badmuskau.de\/1\/wp-content\/uploads\/2017\/10\/Oktoberfest17Paartanz2-768x514.jpg 768w, https:\/\/konfetti-badmuskau.de\/1\/wp-content\/uploads\/2017\/10\/Oktoberfest17Paartanz2-480x320.jpg 480w, https:\/\/konfetti-badmuskau.de\/1\/wp-content\/uploads\/2017\/10\/Oktoberfest17Paartanz2-320x213.jpg 320w, https:\/\/konfetti-badmuskau.de\/1\/wp-content\/uploads\/2017\/10\/Oktoberfest17Paartanz2-240x160.jpg 240w, https:\/\/konfetti-badmuskau.de\/1\/wp-content\/uploads\/2017\/10\/Oktoberfest17Paartanz2.jpg 1052w\" sizes=\"(max-width: 1024px) 100vw, 1024px\" \/>\n\t\t\t<\/dt><\/dl><br style=\"clear: both\" \/>\n\t\t<\/div>\n\n<p>Beim &#8222;<strong>Wetts\u00e4gen<\/strong>&#8222;, &#8222;<strong>Bierkrugstemmen<\/strong>&#8220; und &#8222;<strong>Ma\u00dfkrugschieben<\/strong>&#8220; konnten die Herren ihre Talente beweisen.<\/p>\n\n\t\t<style type=\"text\/css\">\n\t\t\t#gallery-2 {\n\t\t\t\tmargin: auto;\n\t\t\t}\n\t\t\t#gallery-2 .gallery-item {\n\t\t\t\tfloat: left;\n\t\t\t\tmargin-top: 10px;\n\t\t\t\ttext-align: center;\n\t\t\t\twidth: 50%;\n\t\t\t}\n\t\t\t#gallery-2 img {\n\t\t\t\tborder: 2px solid #cfcfcf;\n\t\t\t}\n\t\t\t#gallery-2 .gallery-caption {\n\t\t\t\tmargin-left: 0;\n\t\t\t}\n\t\t\t\/* see gallery_shortcode() in wp-includes\/media.php *\/\n\t\t<\/style>\n\t\t<div id='gallery-2' class='gallery galleryid-1398 gallery-columns-2 gallery-size-large'><dl class='gallery-item'>\n\t\t\t<dt class='gallery-icon landscape'>\n\t\t\t\t<img loading=\"lazy\" decoding=\"async\" width=\"1024\" height=\"685\" src=\"https:\/\/konfetti-badmuskau.de\/1\/wp-content\/uploads\/2017\/10\/Oktoberfest17S\u00e4gen-1024x685.jpg\" class=\"attachment-large size-large\" alt=\"Elferrat Bad Muskau Bad Muskauer Wiesn 2017 Wetts\u00e4gen\" srcset=\"https:\/\/konfetti-badmuskau.de\/1\/wp-content\/uploads\/2017\/10\/Oktoberfest17S\u00e4gen-1024x685.jpg 1024w, https:\/\/konfetti-badmuskau.de\/1\/wp-content\/uploads\/2017\/10\/Oktoberfest17S\u00e4gen-300x201.jpg 300w, https:\/\/konfetti-badmuskau.de\/1\/wp-content\/uploads\/2017\/10\/Oktoberfest17S\u00e4gen-768x514.jpg 768w, https:\/\/konfetti-badmuskau.de\/1\/wp-content\/uploads\/2017\/10\/Oktoberfest17S\u00e4gen-480x320.jpg 480w, https:\/\/konfetti-badmuskau.de\/1\/wp-content\/uploads\/2017\/10\/Oktoberfest17S\u00e4gen-320x213.jpg 320w, https:\/\/konfetti-badmuskau.de\/1\/wp-content\/uploads\/2017\/10\/Oktoberfest17S\u00e4gen-240x160.jpg 240w, https:\/\/konfetti-badmuskau.de\/1\/wp-content\/uploads\/2017\/10\/Oktoberfest17S\u00e4gen.jpg 1191w\" sizes=\"(max-width: 1024px) 100vw, 1024px\" \/>\n\t\t\t<\/dt><\/dl><dl class='gallery-item'>\n\t\t\t<dt class='gallery-icon landscape'>\n\t\t\t\t<img loading=\"lazy\" decoding=\"async\" width=\"1024\" height=\"685\" src=\"https:\/\/konfetti-badmuskau.de\/1\/wp-content\/uploads\/2017\/10\/Oktiberfest17Publikum-1024x685.jpg\" class=\"attachment-large size-large\" alt=\"Elferrat Bad Muskau EBM Bad Muskauer Wiesn 2017\" srcset=\"https:\/\/konfetti-badmuskau.de\/1\/wp-content\/uploads\/2017\/10\/Oktiberfest17Publikum-1024x685.jpg 1024w, https:\/\/konfetti-badmuskau.de\/1\/wp-content\/uploads\/2017\/10\/Oktiberfest17Publikum-300x201.jpg 300w, https:\/\/konfetti-badmuskau.de\/1\/wp-content\/uploads\/2017\/10\/Oktiberfest17Publikum-768x514.jpg 768w, https:\/\/konfetti-badmuskau.de\/1\/wp-content\/uploads\/2017\/10\/Oktiberfest17Publikum-480x320.jpg 480w, https:\/\/konfetti-badmuskau.de\/1\/wp-content\/uploads\/2017\/10\/Oktiberfest17Publikum-320x213.jpg 320w, https:\/\/konfetti-badmuskau.de\/1\/wp-content\/uploads\/2017\/10\/Oktiberfest17Publikum-240x160.jpg 240w, https:\/\/konfetti-badmuskau.de\/1\/wp-content\/uploads\/2017\/10\/Oktiberfest17Publikum.jpg 1110w\" sizes=\"(max-width: 1024px) 100vw, 1024px\" \/>\n\t\t\t<\/dt><\/dl><br style=\"clear: both\" \/>\n\t\t<\/div>\n\n<p>Bei den Damen ging es vor allem um eins &#8211; wer hat das sch\u00f6nste Dirndl?\u00a0Und das hatte in diesem Jahr nach einstimmiger Meinung der Jury: Katja Wolf.<br \/>\nDie geb\u00fcrtige Bad Muskauerin lebt inzwischen in M\u00fcnchen und kam gern zum Oktoberfest in ihre Heimatstadt, denn auch in Bad Muskau kann man ordentlich feiern!<\/p>\n<p>Der Abend wurde wieder klasse musikalisch umrahmt von \u201eDJ Henry\u201c.<\/p>\n<p>Noch etwas Besonderes: Erstmals wurde bei dieser Veranstaltung eine <a href=\"http:\/\/konfetti-badmuskau.de\/1\/bwg_gallery\/fotobox-oktoberfest-2017\/\">Fotobox<\/a> aufgestellt, die Bilder sind in unserer Bildergalerie zum Oktoberfest zu sehen.<\/p>\n<p>&nbsp;<\/p>\n<p><a href=\"http:\/\/konfetti-badmuskau.de\/1\/wp-content\/uploads\/2017\/10\/Oktoberfest17Gruppe.jpg\"><img loading=\"lazy\" decoding=\"async\" class=\"aligncenter wp-image-1407 size-large\" src=\"http:\/\/konfetti-badmuskau.de\/1\/wp-content\/uploads\/2017\/10\/Oktoberfest17Gruppe-1024x685.jpg\" alt=\"Elferrat Bad Muskau Muskauer Wiesn 2017 Funken\" width=\"1024\" height=\"685\" srcset=\"https:\/\/konfetti-badmuskau.de\/1\/wp-content\/uploads\/2017\/10\/Oktoberfest17Gruppe-1024x685.jpg 1024w, https:\/\/konfetti-badmuskau.de\/1\/wp-content\/uploads\/2017\/10\/Oktoberfest17Gruppe-300x201.jpg 300w, https:\/\/konfetti-badmuskau.de\/1\/wp-content\/uploads\/2017\/10\/Oktoberfest17Gruppe-768x514.jpg 768w, https:\/\/konfetti-badmuskau.de\/1\/wp-content\/uploads\/2017\/10\/Oktoberfest17Gruppe-480x320.jpg 480w, https:\/\/konfetti-badmuskau.de\/1\/wp-content\/uploads\/2017\/10\/Oktoberfest17Gruppe-320x213.jpg 320w, https:\/\/konfetti-badmuskau.de\/1\/wp-content\/uploads\/2017\/10\/Oktoberfest17Gruppe-240x160.jpg 240w, https:\/\/konfetti-badmuskau.de\/1\/wp-content\/uploads\/2017\/10\/Oktoberfest17Gruppe.jpg 1191w\" sizes=\"(max-width: 1024px) 100vw, 1024px\" \/><\/a><\/p>\n<p>Ein gro\u00dfes Dankesch\u00f6n geht an alle flei\u00dfigen Helfer und Mitwirkenden des Vereines, die das Bad Muskauer Oktoberfest durch ihren Einsatz erm\u00f6glicht haben!<\/p>\n<p>&nbsp;<\/p>\n","protected":false},"excerpt":{"rendered":"<p>Am 7. Oktober hat der Elferrat Bad Muskau sein nunmehr 5.Oktoberfest im Lindenhof gefeiert. In diesem Jahr machte die Blasmusikkapelle &#8222;Die Lustigen Musikanten&#8220; den Anfang und brachte die Besucher mit z\u00fcnftiger Blasmusik, bei Kaffee und Kuchen, in Oktoberfestlaune.<\/p>\n","protected":false},"author":2,"featured_media":1407,"comment_status":"closed","ping_status":"closed","sticky":false,"template":"","format":"standard","meta":{"_et_pb_use_builder":"","_et_pb_old_content":"","_et_gb_content_width":"","footnotes":""},"categories":[181],"tags":[160,162,158,157,163,159,141,166,167,8,161,54,164,165,60],"post_folder":[],"class_list":["post-1398","post","type-post","status-publish","format-standard","has-post-thumbnail","hentry","category-bad-muskauer-wiesn","tag-die-lustigen-musikanten","tag-sound-up-liveband","tag-07-oktober","tag-bad-muskauer-wiesn-2017","tag-bierkrug","tag-blasmusikkapelle","tag-buntes-programm","tag-dj-henry","tag-feiern-und-tanzen-bis-in-die-morgenstunden","tag-funkengarde","tag-gute-laune","tag-kaffee-und-kuchen","tag-masskrug","tag-miss-dirndl-2017","tag-tolle-stimmung"],"_links":{"self":[{"href":"https:\/\/konfetti-badmuskau.de\/1\/wp-json\/wp\/v2\/posts\/1398","targetHints":{"allow":["GET"]}}],"collection":[{"href":"https:\/\/konfetti-badmuskau.de\/1\/wp-json\/wp\/v2\/posts"}],"about":[{"href":"https:\/\/konfetti-badmuskau.de\/1\/wp-json\/wp\/v2\/types\/post"}],"author":[{"embeddable":true,"href":"https:\/\/konfetti-badmuskau.de\/1\/wp-json\/wp\/v2\/users\/2"}],"replies":[{"embeddable":true,"href":"https:\/\/konfetti-badmuskau.de\/1\/wp-json\/wp\/v2\/comments?post=1398"}],"version-history":[{"count":12,"href":"https:\/\/konfetti-badmuskau.de\/1\/wp-json\/wp\/v2\/posts\/1398\/revisions"}],"predecessor-version":[{"id":1914,"href":"https:\/\/konfetti-badmuskau.de\/1\/wp-json\/wp\/v2\/posts\/1398\/revisions\/1914"}],"wp:featuredmedia":[{"embeddable":true,"href":"https:\/\/konfetti-badmuskau.de\/1\/wp-json\/wp\/v2\/media\/1407"}],"wp:attachment":[{"href":"https:\/\/konfetti-badmuskau.de\/1\/wp-json\/wp\/v2\/media?parent=1398"}],"wp:term":[{"taxonomy":"category","embeddable":true,"href":"https:\/\/konfetti-badmuskau.de\/1\/wp-json\/wp\/v2\/categories?post=1398"},{"taxonomy":"post_tag","embeddable":true,"href":"https:\/\/konfetti-badmuskau.de\/1\/wp-json\/wp\/v2\/tags?post=1398"},{"taxonomy":"post_folder","embeddable":true,"href":"https:\/\/konfetti-badmuskau.de\/1\/wp-json\/wp\/v2\/post_folder?post=1398"}],"curies":[{"name":"wp","href":"https:\/\/api.w.org\/{rel}","templated":true}]}}