{"id":12571,"date":"2025-09-09T21:28:26","date_gmt":"2025-09-09T20:28:26","guid":{"rendered":"https:\/\/konfetti-badmuskau.de\/1\/?p=12571"},"modified":"2025-09-09T21:28:26","modified_gmt":"2025-09-09T20:28:26","slug":"fruehschoppen-am-tag-der-deutschen-einheit-2","status":"publish","type":"post","link":"https:\/\/konfetti-badmuskau.de\/1\/fruehschoppen-am-tag-der-deutschen-einheit-2\/","title":{"rendered":"Fr\u00fchschoppen am Tag der deutschen Einheit"},"content":{"rendered":"<p>Am 3.10. findet wieder der traditionelle Fr\u00fchschoppen am Lindenhof in Bad Muskau statt! Ab 10:00 Uhr l\u00e4dt der Elferrat Bad Muskau zum gem\u00fctlichen Beisammensein mit musikalischer Umrahmung ein. F\u00fcr das leibliche Wohl der G\u00e4ste ist mit Bier vom Fass und weiteren Getr\u00e4nken, sowie Imbiss und Kaffee und Kuchen gesorgt, egal ob drinnen oder drau\u00dfen! Wir freuen uns auf Ihren Besuch!<span class=\"Apple-converted-space\">\u00a0<\/span><\/p>\n","protected":false},"excerpt":{"rendered":"<p>Am 3.10. findet wieder der traditionelle Fr\u00fchschoppen am Lindenhof in Bad Muskau statt! Ab 10:00 Uhr l\u00e4dt der Elferrat Bad Muskau zum gem\u00fctlichen Beisammensein mit musikalischer Umrahmung ein. F\u00fcr das leibliche Wohl der G\u00e4ste ist mit Bier vom Fass und weiteren Getr\u00e4nken, sowie Imbiss und Kaffee und Kuchen gesorgt, egal ob drinnen oder drau\u00dfen! Wir [&hellip;]<\/p>\n","protected":false},"author":2,"featured_media":0,"comment_status":"open","ping_status":"open","sticky":false,"template":"","format":"standard","meta":{"_et_pb_use_builder":"","_et_pb_old_content":"","_et_gb_content_width":"","footnotes":""},"categories":[1],"tags":[],"post_folder":[],"class_list":["post-12571","post","type-post","status-publish","format-standard","hentry","category-allgemein"],"_links":{"self":[{"href":"https:\/\/konfetti-badmuskau.de\/1\/wp-json\/wp\/v2\/posts\/12571","targetHints":{"allow":["GET"]}}],"collection":[{"href":"https:\/\/konfetti-badmuskau.de\/1\/wp-json\/wp\/v2\/posts"}],"about":[{"href":"https:\/\/konfetti-badmuskau.de\/1\/wp-json\/wp\/v2\/types\/post"}],"author":[{"embeddable":true,"href":"https:\/\/konfetti-badmuskau.de\/1\/wp-json\/wp\/v2\/users\/2"}],"replies":[{"embeddable":true,"href":"https:\/\/konfetti-badmuskau.de\/1\/wp-json\/wp\/v2\/comments?post=12571"}],"version-history":[{"count":1,"href":"https:\/\/konfetti-badmuskau.de\/1\/wp-json\/wp\/v2\/posts\/12571\/revisions"}],"predecessor-version":[{"id":12572,"href":"https:\/\/konfetti-badmuskau.de\/1\/wp-json\/wp\/v2\/posts\/12571\/revisions\/12572"}],"wp:attachment":[{"href":"https:\/\/konfetti-badmuskau.de\/1\/wp-json\/wp\/v2\/media?parent=12571"}],"wp:term":[{"taxonomy":"category","embeddable":true,"href":"https:\/\/konfetti-badmuskau.de\/1\/wp-json\/wp\/v2\/categories?post=12571"},{"taxonomy":"post_tag","embeddable":true,"href":"https:\/\/konfetti-badmuskau.de\/1\/wp-json\/wp\/v2\/tags?post=12571"},{"taxonomy":"post_folder","embeddable":true,"href":"https:\/\/konfetti-badmuskau.de\/1\/wp-json\/wp\/v2\/post_folder?post=12571"}],"curies":[{"name":"wp","href":"https:\/\/api.w.org\/{rel}","templated":true}]}}